{"id":1652,"date":"2018-12-04T18:00:53","date_gmt":"2018-12-04T18:00:53","guid":{"rendered":"http:\/\/ania.org.ar\/wp\/?p=1652"},"modified":"2018-12-04T18:00:53","modified_gmt":"2018-12-04T18:00:53","slug":"firma-de-convenio-de-cooperacion","status":"publish","type":"post","link":"http:\/\/ania.org.ar\/wp\/firma-de-convenio-de-cooperacion\/","title":{"rendered":"Firma de convenio de cooperaci\u00f3n"},"content":{"rendered":"<p><img loading=\"lazy\" decoding=\"async\" class=\"size-medium wp-image-1653 alignleft\" src=\"http:\/\/ania.org.ar\/wp\/wp-content\/uploads\/2018\/12\/47352526_2542827582424644_7952514591475367936_n-300x253.jpg\" alt=\"\" width=\"300\" height=\"253\" srcset=\"http:\/\/ania.org.ar\/wp\/wp-content\/uploads\/2018\/12\/47352526_2542827582424644_7952514591475367936_n-300x253.jpg 300w, http:\/\/ania.org.ar\/wp\/wp-content\/uploads\/2018\/12\/47352526_2542827582424644_7952514591475367936_n-768x649.jpg 768w, http:\/\/ania.org.ar\/wp\/wp-content\/uploads\/2018\/12\/47352526_2542827582424644_7952514591475367936_n.jpg 960w\" sizes=\"auto, (max-width: 300px) 100vw, 300px\" \/>El Lic. Diego Tarkowski, Director Ejecutivo de San Mart\u00edn de Porres &#8211; Tucum\u00e1n y la Lic. Mar\u00eda de los \u00c1ngeles Dorado, Representate Legal del Colegio San Mart\u00edn de Calasanz, firmaron hoy<span id=\"fbPhotoSnowliftCaption\" class=\"fbPhotosPhotoCaption\" tabindex=\"0\" aria-live=\"polite\" data-ft=\"{&quot;tn&quot;:&quot;K&quot;}\"><span class=\"hasCaption\"> un convenio interinstitucional.<\/span><\/span><\/p>\n<p><span id=\"fbPhotoSnowliftCaption\" class=\"fbPhotosPhotoCaption\" tabindex=\"0\" aria-live=\"polite\" data-ft=\"{&quot;tn&quot;:&quot;K&quot;}\"><span class=\"hasCaption\">El convenio fortalece una relaci\u00f3n de cooperaci\u00f3n y trabajo conjunto que se ver\u00e1 reflejada en el acompa\u00f1amiento, capacitaci\u00f3n docente y la puesta en marcha de un aula de apoyo para la educaci\u00f3n inclusiva destinada a alumnos con la condici\u00f3n del espectro autista.<\/span><\/span><\/p>\n<p>Sin dudas una nueva etapa de oportunidades educativas para nuestros alumnos!<\/p>\n","protected":false},"excerpt":{"rendered":"<p>El Lic. Diego Tarkowski, Director Ejecutivo de San Mart\u00edn de Porres &#8211; Tucum\u00e1n y la Lic. Mar\u00eda de los \u00c1ngeles Dorado, Representate Legal del Colegio San Mart\u00edn de Calasanz, firmaron &#8230;<\/p>\n","protected":false},"author":4,"featured_media":1654,"comment_status":"open","ping_status":"open","sticky":false,"template":"","format":"standard","meta":{"footnotes":""},"categories":[24],"tags":[],"class_list":["post-1652","post","type-post","status-publish","format-standard","has-post-thumbnail","hentry","category-nuestras-noticias"],"_links":{"self":[{"href":"http:\/\/ania.org.ar\/wp\/wp-json\/wp\/v2\/posts\/1652","targetHints":{"allow":["GET"]}}],"collection":[{"href":"http:\/\/ania.org.ar\/wp\/wp-json\/wp\/v2\/posts"}],"about":[{"href":"http:\/\/ania.org.ar\/wp\/wp-json\/wp\/v2\/types\/post"}],"author":[{"embeddable":true,"href":"http:\/\/ania.org.ar\/wp\/wp-json\/wp\/v2\/users\/4"}],"replies":[{"embeddable":true,"href":"http:\/\/ania.org.ar\/wp\/wp-json\/wp\/v2\/comments?post=1652"}],"version-history":[{"count":1,"href":"http:\/\/ania.org.ar\/wp\/wp-json\/wp\/v2\/posts\/1652\/revisions"}],"predecessor-version":[{"id":1655,"href":"http:\/\/ania.org.ar\/wp\/wp-json\/wp\/v2\/posts\/1652\/revisions\/1655"}],"wp:featuredmedia":[{"embeddable":true,"href":"http:\/\/ania.org.ar\/wp\/wp-json\/wp\/v2\/media\/1654"}],"wp:attachment":[{"href":"http:\/\/ania.org.ar\/wp\/wp-json\/wp\/v2\/media?parent=1652"}],"wp:term":[{"taxonomy":"category","embeddable":true,"href":"http:\/\/ania.org.ar\/wp\/wp-json\/wp\/v2\/categories?post=1652"},{"taxonomy":"post_tag","embeddable":true,"href":"http:\/\/ania.org.ar\/wp\/wp-json\/wp\/v2\/tags?post=1652"}],"curies":[{"name":"wp","href":"https:\/\/api.w.org\/{rel}","templated":true}]}}