{"id":1896,"date":"2020-09-29T20:29:43","date_gmt":"2020-09-29T20:29:43","guid":{"rendered":"http:\/\/ania.org.ar\/wp\/?p=1896"},"modified":"2020-09-29T20:29:43","modified_gmt":"2020-09-29T20:29:43","slug":"tucuman-epic-challenge","status":"publish","type":"post","link":"http:\/\/ania.org.ar\/wp\/tucuman-epic-challenge\/","title":{"rendered":"Tucum\u00e1n Epic Challenge"},"content":{"rendered":"\n<figure class=\"wp-block-image size-large\"><img loading=\"lazy\" decoding=\"async\" width=\"900\" height=\"1024\" src=\"http:\/\/ania.org.ar\/wp\/wp-content\/uploads\/2020\/09\/120483520_4660155750691806_4877288265118812507_o-900x1024.jpg\" alt=\"\" class=\"wp-image-1897\" srcset=\"http:\/\/ania.org.ar\/wp\/wp-content\/uploads\/2020\/09\/120483520_4660155750691806_4877288265118812507_o-900x1024.jpg 900w, http:\/\/ania.org.ar\/wp\/wp-content\/uploads\/2020\/09\/120483520_4660155750691806_4877288265118812507_o-264x300.jpg 264w, http:\/\/ania.org.ar\/wp\/wp-content\/uploads\/2020\/09\/120483520_4660155750691806_4877288265118812507_o-768x874.jpg 768w, http:\/\/ania.org.ar\/wp\/wp-content\/uploads\/2020\/09\/120483520_4660155750691806_4877288265118812507_o.jpg 1266w\" sizes=\"auto, (max-width: 900px) 100vw, 900px\" \/><\/figure>\n\n\n\n<p> Francisco  Garrido, profesor de educaci\u00f3n f\u00edsica y nataci\u00f3n de nuestra instituci\u00f3n ha participado del desaf\u00edo virtual Tucum\u00e1n Epic, una carrera de ciclismo de regularidad, donde, de forma individual y cuidado todos los aspectos sanitarios, los participantes debieron sumar m\u00e1s de 500 kil\u00f3metros y 11.000 metros de desnivel positivo. <br><br>Francisco, hijo de un reconocido y premiado ciclista de la ciudad de Monteros, lo hizo bajo el lema Hablemos de Autismo, sumando kil\u00f3metros y llevando un mensaje de inclusi\u00f3n. <\/p>\n","protected":false},"excerpt":{"rendered":"<p>Francisco Garrido, profesor de educaci\u00f3n f\u00edsica y nataci\u00f3n de nuestra instituci\u00f3n ha participado del desaf\u00edo virtual Tucum\u00e1n Epic, una carrera de ciclismo de regularidad, donde, de forma individual y cuidado &#8230;<\/p>\n","protected":false},"author":4,"featured_media":1898,"comment_status":"closed","ping_status":"closed","sticky":false,"template":"","format":"standard","meta":{"footnotes":""},"categories":[1],"tags":[],"class_list":["post-1896","post","type-post","status-publish","format-standard","has-post-thumbnail","hentry","category-sin-categoria"],"_links":{"self":[{"href":"http:\/\/ania.org.ar\/wp\/wp-json\/wp\/v2\/posts\/1896","targetHints":{"allow":["GET"]}}],"collection":[{"href":"http:\/\/ania.org.ar\/wp\/wp-json\/wp\/v2\/posts"}],"about":[{"href":"http:\/\/ania.org.ar\/wp\/wp-json\/wp\/v2\/types\/post"}],"author":[{"embeddable":true,"href":"http:\/\/ania.org.ar\/wp\/wp-json\/wp\/v2\/users\/4"}],"replies":[{"embeddable":true,"href":"http:\/\/ania.org.ar\/wp\/wp-json\/wp\/v2\/comments?post=1896"}],"version-history":[{"count":1,"href":"http:\/\/ania.org.ar\/wp\/wp-json\/wp\/v2\/posts\/1896\/revisions"}],"predecessor-version":[{"id":1899,"href":"http:\/\/ania.org.ar\/wp\/wp-json\/wp\/v2\/posts\/1896\/revisions\/1899"}],"wp:featuredmedia":[{"embeddable":true,"href":"http:\/\/ania.org.ar\/wp\/wp-json\/wp\/v2\/media\/1898"}],"wp:attachment":[{"href":"http:\/\/ania.org.ar\/wp\/wp-json\/wp\/v2\/media?parent=1896"}],"wp:term":[{"taxonomy":"category","embeddable":true,"href":"http:\/\/ania.org.ar\/wp\/wp-json\/wp\/v2\/categories?post=1896"},{"taxonomy":"post_tag","embeddable":true,"href":"http:\/\/ania.org.ar\/wp\/wp-json\/wp\/v2\/tags?post=1896"}],"curies":[{"name":"wp","href":"https:\/\/api.w.org\/{rel}","templated":true}]}}