{"id":2220,"date":"2024-09-15T00:41:58","date_gmt":"2024-09-15T00:41:58","guid":{"rendered":"http:\/\/ania.org.ar\/wp\/?p=2220"},"modified":"2024-09-15T03:31:14","modified_gmt":"2024-09-15T03:31:14","slug":"en-yerba-buena-se-levanta-la-primera-vivienda-para-adultos-con-tea-del-pais-para-el-dia-en-que-no-estemos-cuenta-una-mama-nota-de-prensa-en-revista-contexto","status":"publish","type":"post","link":"http:\/\/ania.org.ar\/wp\/en-yerba-buena-se-levanta-la-primera-vivienda-para-adultos-con-tea-del-pais-para-el-dia-en-que-no-estemos-cuenta-una-mama-nota-de-prensa-en-revista-contexto\/","title":{"rendered":"En Yerba Buena se levanta la primera vivienda para adultos con TEA del pa\u00eds | Nota de prensa en Revista Contexto"},"content":{"rendered":"\n<blockquote class=\"wp-block-quote is-layout-flow wp-block-quote-is-layout-flow\">\n<ul class=\"wp-block-list\">\n<li>FUENTE: <a href=\"https:\/\/www.contextotucuman.com\/nota\/324789\/en-yerba-buena-se-levanta-la-primera-vivienda-para-adultos-con-tea-del-pais-yquot;para-el-dia-en-que-no-estemosyquot;-cuenta-una-mama.html\">CONTEXTO<\/a><\/li>\n<\/ul>\n\n\n\n<h4 class=\"wp-block-heading\">\u00abFundaci\u00f3n ANIA, de ayuda a ni\u00f1os, j\u00f3venes y adultos con autismo. y el centro educativo terap\u00e9utico San Mart\u00edn de Porres (adonde asisten nuestros hijos) estamos con un proyecto importante, que es la construcci\u00f3n de un centro de d\u00eda con una vivienda supervisada para adultos con TEA; para que vivan all\u00ed el d\u00eda que los pap\u00e1s no estemos\u00bb, cont\u00f3 Dolores Pujol, miembro de la ONG, a CONTEXTO.<\/h4>\n\n\n\n<p>Esta casa consiste en seis dormitorios donde se alojar\u00e1n dos personas en cada uno, y un centro de d\u00eda con ocho aulas para poder dar atenci\u00f3n a m\u00e1s chicos, un SUM y comedor en un terrero de media hect\u00e1rea.<\/p>\n\n\n\n<p>\u00abLa idea es que en este centro se abarque desde k\u00ednder, es decir, desde los chiquitos reci\u00e9n diagnosticados, que puedan estar en Porres o en el nuevo espacio, hasta la adultez\u00bb, se\u00f1al\u00f3 Dolores.<\/p>\n\n\n\n<p>La construcci\u00f3n tiene un avance de casi el 70 por ciento. Est\u00e1 en San Juan y Espa\u00f1a, Yerba Buena. \u00abSer\u00e1 el primer centro del pa\u00eds en ofrecer vivienda a adultos con TEA, siempre supervisados por profesionales y personal capacitado para asistirlos, ya que son chicos que no pueden autovalerse\u00bb, destac\u00f3.<\/p>\n\n\n\n<p>\u00abEsta obra se empez\u00f3 hace cinco a\u00f1os, y para terminarla lo antes posible, necesitamos de la solidaridad de la gente, para ello, abrimos una colecta. Las donaciones, cualquiera sea el monto, se pueden enviar al alias <strong> ANIA.MP<\/strong>. Todo suma\u00bb, concluy\u00f3 Dolores.<\/p>\n<\/blockquote>\n","protected":false},"excerpt":{"rendered":"","protected":false},"author":5,"featured_media":2221,"comment_status":"closed","ping_status":"closed","sticky":false,"template":"","format":"standard","meta":{"footnotes":""},"categories":[23,24],"tags":[33,31,32],"class_list":["post-2220","post","type-post","status-publish","format-standard","has-post-thumbnail","hentry","category-ania-en-los-medios","category-nuestras-noticias","tag-adultos-con-autismo","tag-prensa","tag-vivienda-supervisada"],"_links":{"self":[{"href":"http:\/\/ania.org.ar\/wp\/wp-json\/wp\/v2\/posts\/2220","targetHints":{"allow":["GET"]}}],"collection":[{"href":"http:\/\/ania.org.ar\/wp\/wp-json\/wp\/v2\/posts"}],"about":[{"href":"http:\/\/ania.org.ar\/wp\/wp-json\/wp\/v2\/types\/post"}],"author":[{"embeddable":true,"href":"http:\/\/ania.org.ar\/wp\/wp-json\/wp\/v2\/users\/5"}],"replies":[{"embeddable":true,"href":"http:\/\/ania.org.ar\/wp\/wp-json\/wp\/v2\/comments?post=2220"}],"version-history":[{"count":2,"href":"http:\/\/ania.org.ar\/wp\/wp-json\/wp\/v2\/posts\/2220\/revisions"}],"predecessor-version":[{"id":2224,"href":"http:\/\/ania.org.ar\/wp\/wp-json\/wp\/v2\/posts\/2220\/revisions\/2224"}],"wp:featuredmedia":[{"embeddable":true,"href":"http:\/\/ania.org.ar\/wp\/wp-json\/wp\/v2\/media\/2221"}],"wp:attachment":[{"href":"http:\/\/ania.org.ar\/wp\/wp-json\/wp\/v2\/media?parent=2220"}],"wp:term":[{"taxonomy":"category","embeddable":true,"href":"http:\/\/ania.org.ar\/wp\/wp-json\/wp\/v2\/categories?post=2220"},{"taxonomy":"post_tag","embeddable":true,"href":"http:\/\/ania.org.ar\/wp\/wp-json\/wp\/v2\/tags?post=2220"}],"curies":[{"name":"wp","href":"https:\/\/api.w.org\/{rel}","templated":true}]}}